{"id":1482,"date":"2018-04-10T18:11:03","date_gmt":"2018-04-10T18:11:03","guid":{"rendered":"http:\/\/fussball-in-irland.eu\/?p=1482"},"modified":"2018-04-10T18:11:03","modified_gmt":"2018-04-10T18:11:03","slug":"u19-trainer-graham-kelly-uebernimmt-vorerst-in-bray","status":"publish","type":"post","link":"https:\/\/fussball-in-irland.eu\/index.php\/2018\/04\/10\/u19-trainer-graham-kelly-uebernimmt-vorerst-in-bray\/","title":{"rendered":"U19-Trainer Graham Kelly \u00fcbernimmt vorerst in Bray"},"content":{"rendered":"<p>Auf der Suche nach dem am Wochenende zur\u00fcckgetretenen Dave Mackey haben Bray Wanderers zun\u00e4chst den U19-Trainer Graham Kelly als Interimsl\u00f6sung zur ersten Mannschaft bef\u00f6rdert. Es ist aber zu erwarten, dass der Verein in den kommenden Wochen einen Nachfolger pr\u00e4sentieren wird, zumal Kelly offenbar nicht die erforderliche UEFA Pro-Lizenz hat und daher nach den Regularien nur maximal 60 Tage Cheftrainer einer Premier Division-Mannschaft sein kann.<\/p>\n","protected":false},"excerpt":{"rendered":"<p>Auf der Suche nach dem am Wochenende zur\u00fcckgetretenen Dave Mackey haben Bray Wanderers zun\u00e4chst den U19-Trainer Graham Kelly als Interimsl\u00f6sung zur ersten Mannschaft bef\u00f6rdert. Es ist aber zu erwarten, dass der Verein in den kommenden Wochen einen Nachfolger pr\u00e4sentieren wird, zumal Kelly offenbar nicht die erforderliche UEFA Pro-Lizenz hat und daher nach den Regularien nur &hellip; <a href=\"https:\/\/fussball-in-irland.eu\/index.php\/2018\/04\/10\/u19-trainer-graham-kelly-uebernimmt-vorerst-in-bray\/\" class=\"more-link\"><span class=\"screen-reader-text\">U19-Trainer Graham Kelly \u00fcbernimmt vorerst in Bray<\/span> weiterlesen<\/a><\/p>\n","protected":false},"author":1,"featured_media":0,"comment_status":"open","ping_status":"open","sticky":false,"template":"","format":"standard","meta":{"footnotes":""},"categories":[1],"tags":[],"class_list":["post-1482","post","type-post","status-publish","format-standard","hentry","category-uncategorized"],"_links":{"self":[{"href":"https:\/\/fussball-in-irland.eu\/index.php\/wp-json\/wp\/v2\/posts\/1482","targetHints":{"allow":["GET"]}}],"collection":[{"href":"https:\/\/fussball-in-irland.eu\/index.php\/wp-json\/wp\/v2\/posts"}],"about":[{"href":"https:\/\/fussball-in-irland.eu\/index.php\/wp-json\/wp\/v2\/types\/post"}],"author":[{"embeddable":true,"href":"https:\/\/fussball-in-irland.eu\/index.php\/wp-json\/wp\/v2\/users\/1"}],"replies":[{"embeddable":true,"href":"https:\/\/fussball-in-irland.eu\/index.php\/wp-json\/wp\/v2\/comments?post=1482"}],"version-history":[{"count":1,"href":"https:\/\/fussball-in-irland.eu\/index.php\/wp-json\/wp\/v2\/posts\/1482\/revisions"}],"predecessor-version":[{"id":1483,"href":"https:\/\/fussball-in-irland.eu\/index.php\/wp-json\/wp\/v2\/posts\/1482\/revisions\/1483"}],"wp:attachment":[{"href":"https:\/\/fussball-in-irland.eu\/index.php\/wp-json\/wp\/v2\/media?parent=1482"}],"wp:term":[{"taxonomy":"category","embeddable":true,"href":"https:\/\/fussball-in-irland.eu\/index.php\/wp-json\/wp\/v2\/categories?post=1482"},{"taxonomy":"post_tag","embeddable":true,"href":"https:\/\/fussball-in-irland.eu\/index.php\/wp-json\/wp\/v2\/tags?post=1482"}],"curies":[{"name":"wp","href":"https:\/\/api.w.org\/{rel}","templated":true}]}}