{"id":4665,"date":"2023-05-04T07:41:44","date_gmt":"2023-05-04T07:41:44","guid":{"rendered":"https:\/\/fussball-in-irland.eu\/?p=4665"},"modified":"2023-05-04T07:41:44","modified_gmt":"2023-05-04T07:41:44","slug":"personelle-veraenderungen-bei-cork-city-buckley-kommt-healy-geht","status":"publish","type":"post","link":"https:\/\/fussball-in-irland.eu\/index.php\/2023\/05\/04\/personelle-veraenderungen-bei-cork-city-buckley-kommt-healy-geht\/","title":{"rendered":"Personelle Ver\u00e4nderungen bei Cork City: Buckley kommt, Healy geht"},"content":{"rendered":"\n<p>Bei Cork City rotiert das Personalkarussell: Gestern Nachmittag wurde vermeldet, dass <a href=\"https:\/\/twitter.com\/CorkCityFC\/status\/1653761502204002308\">Liam Buckley als Sportdirektor verpflichtet<\/a> wurde. Buckley, der \u00fcber 20 Jahre Erfahrung als Trainer in der League of Ireland hat, war zuletzt <a href=\"https:\/\/fussball-in-irland.eu\/index.php\/2022\/05\/22\/sligo-rovers-trennen-sich-nach-niederlage-gegen-bohemians-von-liam-buckley\/\" data-type=\"post\" data-id=\"4030\">bis Mai letzten Jahres<\/a> Trainer von Sligo Rovers. <\/p>\n\n\n\n<p>Sp\u00e4ter am Abend sickerte dann durch und wurde schlie\u00dflich vom Verein best\u00e4tigt, dass Trainer <a href=\"https:\/\/www.corkcityfc.ie\/home\/2023\/05\/03\/club-statement-colin-healy\/\">Colin Healy zur\u00fcckgetreten<\/a> ist. Healy hatte die Mannschaft im Oktober 2020 \u00fcbernommen, konnte den Abstieg zwar nicht mehr verhindern, f\u00fchrte City dann aber in der letzten Saison zum Wiederaufstieg in die Premier Division. Die Ergebnisse der letzten Wochen waren aber eher entt\u00e4uschend, und so kommt der R\u00fccktritt nicht v\u00f6llig \u00fcberraschend.<\/p>\n\n\n\n<p>Buckley wird nun wohl neben seiner Rolle als Sportdirektor interimsweise auch als Trainer \u00fcbernehmen, bis ein Nachfolger f\u00fcr Healy gefunden ist.<\/p>\n","protected":false},"excerpt":{"rendered":"<p>Bei Cork City rotiert das Personalkarussell: Gestern Nachmittag wurde vermeldet, dass Liam Buckley als Sportdirektor verpflichtet wurde. Buckley, der \u00fcber 20 Jahre Erfahrung als Trainer in der League of Ireland hat, war zuletzt bis Mai letzten Jahres Trainer von Sligo Rovers. Sp\u00e4ter am Abend sickerte dann durch und wurde schlie\u00dflich vom Verein best\u00e4tigt, dass Trainer &hellip; <a href=\"https:\/\/fussball-in-irland.eu\/index.php\/2023\/05\/04\/personelle-veraenderungen-bei-cork-city-buckley-kommt-healy-geht\/\" class=\"more-link\"><span class=\"screen-reader-text\">Personelle Ver\u00e4nderungen bei Cork City: Buckley kommt, Healy geht<\/span> weiterlesen<\/a><\/p>\n","protected":false},"author":1,"featured_media":0,"comment_status":"open","ping_status":"open","sticky":false,"template":"","format":"standard","meta":{"footnotes":""},"categories":[11],"tags":[],"class_list":["post-4665","post","type-post","status-publish","format-standard","hentry","category-vereine"],"_links":{"self":[{"href":"https:\/\/fussball-in-irland.eu\/index.php\/wp-json\/wp\/v2\/posts\/4665","targetHints":{"allow":["GET"]}}],"collection":[{"href":"https:\/\/fussball-in-irland.eu\/index.php\/wp-json\/wp\/v2\/posts"}],"about":[{"href":"https:\/\/fussball-in-irland.eu\/index.php\/wp-json\/wp\/v2\/types\/post"}],"author":[{"embeddable":true,"href":"https:\/\/fussball-in-irland.eu\/index.php\/wp-json\/wp\/v2\/users\/1"}],"replies":[{"embeddable":true,"href":"https:\/\/fussball-in-irland.eu\/index.php\/wp-json\/wp\/v2\/comments?post=4665"}],"version-history":[{"count":1,"href":"https:\/\/fussball-in-irland.eu\/index.php\/wp-json\/wp\/v2\/posts\/4665\/revisions"}],"predecessor-version":[{"id":4666,"href":"https:\/\/fussball-in-irland.eu\/index.php\/wp-json\/wp\/v2\/posts\/4665\/revisions\/4666"}],"wp:attachment":[{"href":"https:\/\/fussball-in-irland.eu\/index.php\/wp-json\/wp\/v2\/media?parent=4665"}],"wp:term":[{"taxonomy":"category","embeddable":true,"href":"https:\/\/fussball-in-irland.eu\/index.php\/wp-json\/wp\/v2\/categories?post=4665"},{"taxonomy":"post_tag","embeddable":true,"href":"https:\/\/fussball-in-irland.eu\/index.php\/wp-json\/wp\/v2\/tags?post=4665"}],"curies":[{"name":"wp","href":"https:\/\/api.w.org\/{rel}","templated":true}]}}