{"id":610,"date":"2016-11-12T22:29:30","date_gmt":"2016-11-12T22:29:30","guid":{"rendered":"http:\/\/fussball-in-irland.eu\/?p=610"},"modified":"2016-11-12T22:54:08","modified_gmt":"2016-11-12T22:54:08","slug":"irland-gewinnt-in-wien-und-ueberwintert-auf-platz-1-der-wm-qualifikationsgruppe","status":"publish","type":"post","link":"https:\/\/fussball-in-irland.eu\/index.php\/2016\/11\/12\/irland-gewinnt-in-wien-und-ueberwintert-auf-platz-1-der-wm-qualifikationsgruppe\/","title":{"rendered":"Irland gewinnt in Wien und \u00fcberwintert auf Platz 1 der WM-Qualifikationsgruppe"},"content":{"rendered":"<p>Am heutigen Samstag standen wieder WM-Qualifikationsspiele in Irlands Gruppe auf dem Programm. Irland musste ausw\u00e4rts in Wien gegen \u00d6sterreich antreten. Mit im Kader waren dabei zum ersten Mal Daryl Horgan und Andy Boyle vom irischen Meister Dundalk, die sich unter Anderem in den Europa League-Spielen in das Blickfeld von Nationaltrainer Martin O&#8217;Neill gespielt haben. Zum Einsatz kamen die Beiden nicht, Daryl Horgan durfte aber zumindest auf der Bank Platz nehmen.<\/p>\n<p>Das Spiel war vor allem in der ersten Halbzeit von relativ vielen Ballverlusten auf beiden Seiten gepr\u00e4gt, so dass sich wenige Chancen ergaben. Nach der Pause kam Irland etwas besser aus der Kabine und erzielte durch James McClean in der 48. Minute das Tor des Tages nach einem blitzsauberen Konter. In der Schlussphase des Spiels dr\u00e4ngte \u00d6sterreich noch auf den Ausgleich, doch Darren Randolph hielt f\u00fcr Irland den Kasten sauber. So gewann Irland mit 1:0 in Wien, und da die anderen Partien der Gruppe (Wales &#8211; Serbien und Georgien &#8211; Moldawien) jeweils 1:1 endeten, steht Irland zumindest bis zum n\u00e4chsten Spieltag im M\u00e4rz an der Spitze der Gruppe.<\/p>\n<table>\n<col style=\"width:12%;\"\/>\n<col style=\"width:38%;\"\/>\n<col style=\"width:15%;\"\/>\n<col style=\"width:20%;\"\/>\n<col style=\"width:15%;\"\/>\n<tbody>\n<tr>\n<td>Platz<\/td>\n<td>Land<\/td>\n<td>Tore<\/td>\n<td>Gegentore<\/td>\n<td>Punkte<\/td>\n<\/tr>\n<tr>\n<td>1.<\/td>\n<td><img loading=\"lazy\" decoding=\"async\" src=\"https:\/\/fussball-in-irland.eu\/wp-content\/uploads\/2015\/12\/dfs_fl_irland.gif\" alt=\"dfs_fl_irland\" width=\"36\" height=\"36\" \/> <strong>Irland<\/strong><\/td>\n<td>7<\/td>\n<td>3<\/td>\n<td>10<\/td>\n<\/tr>\n<tr>\n<td>2.<\/td>\n<td><img loading=\"lazy\" decoding=\"async\" src=\"https:\/\/fussball-in-irland.eu\/wp-content\/uploads\/2016\/09\/dfs_fl_serbien.gif\" alt=\"dfs_fl_serbien\" width=\"36\" height=\"36\" \/> <strong>Serbien<\/strong><\/td>\n<td>9<\/td>\n<td>5<\/td>\n<td>8<\/td>\n<\/tr>\n<tr>\n<td>3.<\/td>\n<td><img loading=\"lazy\" decoding=\"async\" src=\"https:\/\/fussball-in-irland.eu\/wp-content\/uploads\/2016\/09\/dfs_fl_wales.gif\" alt=\"dfs_fl_wales\" width=\"36\" height=\"36\" \/> <strong>Wales<\/strong><\/td>\n<td>8<\/td>\n<td>4<\/td>\n<td>6<\/td>\n<\/tr>\n<tr>\n<td>4.<\/td>\n<td><img loading=\"lazy\" decoding=\"async\" src=\"https:\/\/fussball-in-irland.eu\/wp-content\/uploads\/2016\/09\/dfs_fl_oesterreich.gif\" alt=\"dfs_fl_oesterreich\" width=\"36\" height=\"36\" \/> <strong>\u00d6sterreich<\/strong><\/td>\n<td>6<\/td>\n<td>7<\/td>\n<td>4<\/td>\n<\/tr>\n<tr>\n<td>5.<\/td>\n<td><img loading=\"lazy\" decoding=\"async\" src=\"https:\/\/fussball-in-irland.eu\/wp-content\/uploads\/2016\/09\/dfs_fl_georgien.gif\" alt=\"dfs_fl_georgien\" width=\"36\" height=\"36\" \/> <strong>Georgien<\/strong><\/td>\n<td>3<\/td>\n<td>5<\/td>\n<td>2<\/td>\n<\/tr>\n<tr>\n<td>6.<\/td>\n<td><img loading=\"lazy\" decoding=\"async\" src=\"https:\/\/fussball-in-irland.eu\/wp-content\/uploads\/2016\/09\/dfs_fl_moldawien.gif\" alt=\"dfs_fl_moldawien\" width=\"36\" height=\"36\" \/> <strong>Moldawien<\/strong><\/td>\n<td>2<\/td>\n<td>11<\/td>\n<td>1<\/td>\n<\/tr>\n<\/tbody>\n<\/table>\n","protected":false},"excerpt":{"rendered":"<p>Am heutigen Samstag standen wieder WM-Qualifikationsspiele in Irlands Gruppe auf dem Programm. Irland musste ausw\u00e4rts in Wien gegen \u00d6sterreich antreten. Mit im Kader waren dabei zum ersten Mal Daryl Horgan und Andy Boyle vom irischen Meister Dundalk, die sich unter Anderem in den Europa League-Spielen in das Blickfeld von Nationaltrainer Martin O&#8217;Neill gespielt haben. Zum &hellip; <a href=\"https:\/\/fussball-in-irland.eu\/index.php\/2016\/11\/12\/irland-gewinnt-in-wien-und-ueberwintert-auf-platz-1-der-wm-qualifikationsgruppe\/\" class=\"more-link\"><span class=\"screen-reader-text\">Irland gewinnt in Wien und \u00fcberwintert auf Platz 1 der WM-Qualifikationsgruppe<\/span> weiterlesen<\/a><\/p>\n","protected":false},"author":1,"featured_media":0,"comment_status":"open","ping_status":"open","sticky":false,"template":"","format":"standard","meta":{"footnotes":""},"categories":[7],"tags":[],"class_list":["post-610","post","type-post","status-publish","format-standard","hentry","category-nationalmannschaft"],"_links":{"self":[{"href":"https:\/\/fussball-in-irland.eu\/index.php\/wp-json\/wp\/v2\/posts\/610","targetHints":{"allow":["GET"]}}],"collection":[{"href":"https:\/\/fussball-in-irland.eu\/index.php\/wp-json\/wp\/v2\/posts"}],"about":[{"href":"https:\/\/fussball-in-irland.eu\/index.php\/wp-json\/wp\/v2\/types\/post"}],"author":[{"embeddable":true,"href":"https:\/\/fussball-in-irland.eu\/index.php\/wp-json\/wp\/v2\/users\/1"}],"replies":[{"embeddable":true,"href":"https:\/\/fussball-in-irland.eu\/index.php\/wp-json\/wp\/v2\/comments?post=610"}],"version-history":[{"count":2,"href":"https:\/\/fussball-in-irland.eu\/index.php\/wp-json\/wp\/v2\/posts\/610\/revisions"}],"predecessor-version":[{"id":612,"href":"https:\/\/fussball-in-irland.eu\/index.php\/wp-json\/wp\/v2\/posts\/610\/revisions\/612"}],"wp:attachment":[{"href":"https:\/\/fussball-in-irland.eu\/index.php\/wp-json\/wp\/v2\/media?parent=610"}],"wp:term":[{"taxonomy":"category","embeddable":true,"href":"https:\/\/fussball-in-irland.eu\/index.php\/wp-json\/wp\/v2\/categories?post=610"},{"taxonomy":"post_tag","embeddable":true,"href":"https:\/\/fussball-in-irland.eu\/index.php\/wp-json\/wp\/v2\/tags?post=610"}],"curies":[{"name":"wp","href":"https:\/\/api.w.org\/{rel}","templated":true}]}}