{"id":6344,"date":"2025-11-18T18:42:02","date_gmt":"2025-11-18T18:42:02","guid":{"rendered":"https:\/\/fussball-in-irland.eu\/?p=6344"},"modified":"2025-11-18T18:42:02","modified_gmt":"2025-11-18T18:42:02","slug":"irlands-u17-kommt-bei-wm-bis-ins-achtelfinale","status":"publish","type":"post","link":"https:\/\/fussball-in-irland.eu\/index.php\/2025\/11\/18\/irlands-u17-kommt-bei-wm-bis-ins-achtelfinale\/","title":{"rendered":"Irlands U17 kommt bei WM bis ins Achtelfinale"},"content":{"rendered":"\n<p>K\u00fcrzlich hatte ich schon mal kurz erw\u00e4hnt, dass Irlands U17-Nationalmannschaft derzeit bei der U17-WM ist. Heute ist dieses Abenteuer zu Ende gegangen, aber insgesamt konnte sich das Abschneiden durchaus sehen lassen.<\/p>\n\n\n\n<p>Die WM fand in Katar statt, und zum ersten Mal nahmen 48 Mannschaften teil, womit auch Teilnehmer dabei waren, die nicht unbedingt als Fussballnationen bekannt sind. Vielleicht ein Vorgeschmack auf die M\u00e4nner-WM im kommenden Jahr, die auch erstmals mit 48 Mannschaften stattfinden wird&#8230;<\/p>\n\n\n\n<p>In der Gruppenphase hatte Irland es mit Panama, Usbekistan und Paraguay zu tun. Zum Auftakt gab es ein souver\u00e4nes 4:1 gegen Panama, dann ein 2:1 gegen Usbekistan, und im letzten Gruppenspiel reichte ein 0:0 gegen Paraguay zum Gruppensieg. Als N\u00e4chstes folgte das Sechzehntelfinale gegen Kanada. Nach regul\u00e4rer Spielzeit stand es 1:1, und da bei der U17 nicht mit Verl\u00e4ngerung gespielt wird, musste das Elfmeterschie\u00dfen entscheiden. In einem qualitativ hochwertigen Schie\u00dfen gewann Irland am Ende mit 9:8 (9 von 10 Elfmetern verwandelt, Kanada hatte 8 von 10). Heute folgte das Achtelfinale, und gegen die Schweiz war mit 1:3 Endstation. Alles in Allem ein gutes Turnier und f\u00fcr die Spieler sicher eine wertvolle Erfahrung. Und vielleicht sieht man den Einen oder Anderen von ihnen ja in ein paar Jahren auch in der A-Nationalmannschaft.<\/p>\n","protected":false},"excerpt":{"rendered":"<p>K\u00fcrzlich hatte ich schon mal kurz erw\u00e4hnt, dass Irlands U17-Nationalmannschaft derzeit bei der U17-WM ist. Heute ist dieses Abenteuer zu Ende gegangen, aber insgesamt konnte sich das Abschneiden durchaus sehen lassen. Die WM fand in Katar statt, und zum ersten Mal nahmen 48 Mannschaften teil, womit auch Teilnehmer dabei waren, die nicht unbedingt als Fussballnationen &hellip; <a href=\"https:\/\/fussball-in-irland.eu\/index.php\/2025\/11\/18\/irlands-u17-kommt-bei-wm-bis-ins-achtelfinale\/\" class=\"more-link\"><span class=\"screen-reader-text\">Irlands U17 kommt bei WM bis ins Achtelfinale<\/span> weiterlesen<\/a><\/p>\n","protected":false},"author":1,"featured_media":0,"comment_status":"open","ping_status":"open","sticky":false,"template":"","format":"standard","meta":{"footnotes":""},"categories":[10,7],"tags":[],"class_list":["post-6344","post","type-post","status-publish","format-standard","hentry","category-jugend","category-nationalmannschaft"],"_links":{"self":[{"href":"https:\/\/fussball-in-irland.eu\/index.php\/wp-json\/wp\/v2\/posts\/6344","targetHints":{"allow":["GET"]}}],"collection":[{"href":"https:\/\/fussball-in-irland.eu\/index.php\/wp-json\/wp\/v2\/posts"}],"about":[{"href":"https:\/\/fussball-in-irland.eu\/index.php\/wp-json\/wp\/v2\/types\/post"}],"author":[{"embeddable":true,"href":"https:\/\/fussball-in-irland.eu\/index.php\/wp-json\/wp\/v2\/users\/1"}],"replies":[{"embeddable":true,"href":"https:\/\/fussball-in-irland.eu\/index.php\/wp-json\/wp\/v2\/comments?post=6344"}],"version-history":[{"count":1,"href":"https:\/\/fussball-in-irland.eu\/index.php\/wp-json\/wp\/v2\/posts\/6344\/revisions"}],"predecessor-version":[{"id":6345,"href":"https:\/\/fussball-in-irland.eu\/index.php\/wp-json\/wp\/v2\/posts\/6344\/revisions\/6345"}],"wp:attachment":[{"href":"https:\/\/fussball-in-irland.eu\/index.php\/wp-json\/wp\/v2\/media?parent=6344"}],"wp:term":[{"taxonomy":"category","embeddable":true,"href":"https:\/\/fussball-in-irland.eu\/index.php\/wp-json\/wp\/v2\/categories?post=6344"},{"taxonomy":"post_tag","embeddable":true,"href":"https:\/\/fussball-in-irland.eu\/index.php\/wp-json\/wp\/v2\/tags?post=6344"}],"curies":[{"name":"wp","href":"https:\/\/api.w.org\/{rel}","templated":true}]}}